{"id":2681,"date":"2023-06-09T08:57:26","date_gmt":"2023-06-09T06:57:26","guid":{"rendered":"https:\/\/katholisch-friedrichshafen.de\/stpetruscanisius\/?p=2681"},"modified":"2023-06-09T21:36:57","modified_gmt":"2023-06-09T19:36:57","slug":"fronleichnam-2023","status":"publish","type":"post","link":"https:\/\/katholisch-friedrichshafen.de\/stpetruscanisius\/fronleichnam-2023\/","title":{"rendered":"Fronleichnam 2023"},"content":{"rendered":"<p>Am Donnerstag, 8. Juni 2023, konnten die Gemeinden der Seelsorgeeinheit Friedrichshafen-Mitte mit zahlreichen Gemeindemitgliedern und vielen G\u00e4sten wieder gemeinsam den Festgottesdienst zu Fronleichnam an der Musikmuschel feiern.<\/p>\n<p>Bei strahlendem Sonnenschein feierte Dekan Bernd Herbinger den Festgottesdienst unter dem Motto &#8222;von nun an seid Ihr Menschenfischer&#8220; und hob die Bedeutung des Engagements in Kirche und Gesellschaft hervor.<\/p>\n<p>Die Lesung wurde in deutscher, italienischer und kroatischer Sprache vorgetragen. Seine Abschluss fand der Festgottesdienst nach einer Prozession in der Kirche St. Nikolaus.<\/p>\n","protected":false},"excerpt":{"rendered":"<p>Am Donnerstag, 8. Juni 2023, konnten die Gemeinden der Seelsorgeeinheit Friedrichshafen-Mitte mit zahlreichen Gemeindemitgliedern und vielen G\u00e4sten wieder gemeinsam den Festgottesdienst zu Fronleichnam an der Musikmuschel feiern. Bei strahlendem Sonnenschein feierte Dekan Bernd Herbinger den Festgottesdienst unter dem Motto &#8222;von nun an seid Ihr Menschenfischer&#8220; und hob die Bedeutung des Engagements in Kirche und Gesellschaft &hellip;<\/p>\n","protected":false},"author":16,"featured_media":2683,"comment_status":"open","ping_status":"open","sticky":false,"template":"","format":"standard","meta":{"_acf_changed":false,"footnotes":""},"categories":[100],"tags":[],"class_list":["post-2681","post","type-post","status-publish","format-standard","has-post-thumbnail","hentry","category-gottesdienste"],"acf":[],"yoast_head":"<!-- This site is optimized with the Yoast SEO plugin v27.5 - https:\/\/yoast.com\/product\/yoast-seo-wordpress\/ -->\n<title>Fronleichnam 2023 - St. Petrus Canisius<\/title>\n<meta name=\"robots\" content=\"index, follow, max-snippet:-1, max-image-preview:large, max-video-preview:-1\" \/>\n<link rel=\"canonical\" href=\"https:\/\/katholisch-friedrichshafen.de\/stpetruscanisius\/fronleichnam-2023\/\" \/>\n<meta property=\"og:locale\" content=\"de_DE\" \/>\n<meta property=\"og:type\" content=\"article\" \/>\n<meta property=\"og:title\" content=\"Fronleichnam 2023 - St. Petrus Canisius\" \/>\n<meta property=\"og:description\" content=\"Am Donnerstag, 8. Juni 2023, konnten die Gemeinden der Seelsorgeeinheit Friedrichshafen-Mitte mit zahlreichen Gemeindemitgliedern und vielen G\u00e4sten wieder gemeinsam den Festgottesdienst zu Fronleichnam an der Musikmuschel feiern. Bei strahlendem Sonnenschein feierte Dekan Bernd Herbinger den Festgottesdienst unter dem Motto &#8222;von nun an seid Ihr Menschenfischer&#8220; und hob die Bedeutung des Engagements in Kirche und Gesellschaft &hellip;\" \/>\n<meta property=\"og:url\" content=\"https:\/\/katholisch-friedrichshafen.de\/stpetruscanisius\/fronleichnam-2023\/\" \/>\n<meta property=\"og:site_name\" content=\"St. Petrus Canisius\" \/>\n<meta property=\"article:published_time\" content=\"2023-06-09T06:57:26+00:00\" \/>\n<meta property=\"article:modified_time\" content=\"2023-06-09T19:36:57+00:00\" \/>\n<meta property=\"og:image\" content=\"https:\/\/katholisch-friedrichshafen.de\/stpetruscanisius\/wp-content\/uploads\/sites\/2\/2023\/06\/2023-06-08_Fronleichnam_1.jpg\" \/>\n\t<meta property=\"og:image:width\" content=\"1024\" \/>\n\t<meta property=\"og:image:height\" content=\"768\" \/>\n\t<meta property=\"og:image:type\" content=\"image\/jpeg\" \/>\n<meta name=\"author\" content=\"Michael Gr\u00f6pl-K\u00f6niger\" \/>\n<meta name=\"twitter:card\" content=\"summary_large_image\" \/>\n<meta name=\"twitter:label1\" content=\"Geschrieben von\" \/>\n\t<meta name=\"twitter:data1\" content=\"Michael Gr\u00f6pl-K\u00f6niger\" \/>\n\t<meta name=\"twitter:label2\" content=\"Gesch\u00e4tzte Lesezeit\" \/>\n\t<meta name=\"twitter:data2\" content=\"1\u00a0Minute\" \/>\n<script type=\"application\/ld+json\" class=\"yoast-schema-graph\">{\"@context\":\"https:\\\/\\\/schema.org\",\"@graph\":[{\"@type\":\"Article\",\"@id\":\"https:\\\/\\\/katholisch-friedrichshafen.de\\\/stpetruscanisius\\\/fronleichnam-2023\\\/#article\",\"isPartOf\":{\"@id\":\"https:\\\/\\\/katholisch-friedrichshafen.de\\\/stpetruscanisius\\\/fronleichnam-2023\\\/\"},\"author\":{\"name\":\"Michael Gr\u00f6pl-K\u00f6niger\",\"@id\":\"https:\\\/\\\/katholisch-friedrichshafen.de\\\/stpetruscanisius\\\/#\\\/schema\\\/person\\\/7d55b834aa30e5379f6750783b53539e\"},\"headline\":\"Fronleichnam 2023\",\"datePublished\":\"2023-06-09T06:57:26+00:00\",\"dateModified\":\"2023-06-09T19:36:57+00:00\",\"mainEntityOfPage\":{\"@id\":\"https:\\\/\\\/katholisch-friedrichshafen.de\\\/stpetruscanisius\\\/fronleichnam-2023\\\/\"},\"wordCount\":79,\"commentCount\":0,\"image\":{\"@id\":\"https:\\\/\\\/katholisch-friedrichshafen.de\\\/stpetruscanisius\\\/fronleichnam-2023\\\/#primaryimage\"},\"thumbnailUrl\":\"https:\\\/\\\/katholisch-friedrichshafen.de\\\/stpetruscanisius\\\/wp-content\\\/uploads\\\/sites\\\/2\\\/2023\\\/06\\\/2023-06-08_Fronleichnam_1.jpg\",\"articleSection\":[\"Gottesdienste\"],\"inLanguage\":\"de\",\"potentialAction\":[{\"@type\":\"CommentAction\",\"name\":\"Comment\",\"target\":[\"https:\\\/\\\/katholisch-friedrichshafen.de\\\/stpetruscanisius\\\/fronleichnam-2023\\\/#respond\"]}]},{\"@type\":\"WebPage\",\"@id\":\"https:\\\/\\\/katholisch-friedrichshafen.de\\\/stpetruscanisius\\\/fronleichnam-2023\\\/\",\"url\":\"https:\\\/\\\/katholisch-friedrichshafen.de\\\/stpetruscanisius\\\/fronleichnam-2023\\\/\",\"name\":\"Fronleichnam 2023 - St. Petrus Canisius\",\"isPartOf\":{\"@id\":\"https:\\\/\\\/katholisch-friedrichshafen.de\\\/stpetruscanisius\\\/#website\"},\"primaryImageOfPage\":{\"@id\":\"https:\\\/\\\/katholisch-friedrichshafen.de\\\/stpetruscanisius\\\/fronleichnam-2023\\\/#primaryimage\"},\"image\":{\"@id\":\"https:\\\/\\\/katholisch-friedrichshafen.de\\\/stpetruscanisius\\\/fronleichnam-2023\\\/#primaryimage\"},\"thumbnailUrl\":\"https:\\\/\\\/katholisch-friedrichshafen.de\\\/stpetruscanisius\\\/wp-content\\\/uploads\\\/sites\\\/2\\\/2023\\\/06\\\/2023-06-08_Fronleichnam_1.jpg\",\"datePublished\":\"2023-06-09T06:57:26+00:00\",\"dateModified\":\"2023-06-09T19:36:57+00:00\",\"author\":{\"@id\":\"https:\\\/\\\/katholisch-friedrichshafen.de\\\/stpetruscanisius\\\/#\\\/schema\\\/person\\\/7d55b834aa30e5379f6750783b53539e\"},\"breadcrumb\":{\"@id\":\"https:\\\/\\\/katholisch-friedrichshafen.de\\\/stpetruscanisius\\\/fronleichnam-2023\\\/#breadcrumb\"},\"inLanguage\":\"de\",\"potentialAction\":[{\"@type\":\"ReadAction\",\"target\":[\"https:\\\/\\\/katholisch-friedrichshafen.de\\\/stpetruscanisius\\\/fronleichnam-2023\\\/\"]}]},{\"@type\":\"ImageObject\",\"inLanguage\":\"de\",\"@id\":\"https:\\\/\\\/katholisch-friedrichshafen.de\\\/stpetruscanisius\\\/fronleichnam-2023\\\/#primaryimage\",\"url\":\"https:\\\/\\\/katholisch-friedrichshafen.de\\\/stpetruscanisius\\\/wp-content\\\/uploads\\\/sites\\\/2\\\/2023\\\/06\\\/2023-06-08_Fronleichnam_1.jpg\",\"contentUrl\":\"https:\\\/\\\/katholisch-friedrichshafen.de\\\/stpetruscanisius\\\/wp-content\\\/uploads\\\/sites\\\/2\\\/2023\\\/06\\\/2023-06-08_Fronleichnam_1.jpg\",\"width\":1024,\"height\":768},{\"@type\":\"BreadcrumbList\",\"@id\":\"https:\\\/\\\/katholisch-friedrichshafen.de\\\/stpetruscanisius\\\/fronleichnam-2023\\\/#breadcrumb\",\"itemListElement\":[{\"@type\":\"ListItem\",\"position\":1,\"name\":\"Startseite\",\"item\":\"https:\\\/\\\/katholisch-friedrichshafen.de\\\/stpetruscanisius\\\/\"},{\"@type\":\"ListItem\",\"position\":2,\"name\":\"Fronleichnam 2023\"}]},{\"@type\":\"WebSite\",\"@id\":\"https:\\\/\\\/katholisch-friedrichshafen.de\\\/stpetruscanisius\\\/#website\",\"url\":\"https:\\\/\\\/katholisch-friedrichshafen.de\\\/stpetruscanisius\\\/\",\"name\":\"St. Petrus Canisius\",\"description\":\"St. Petrus Canisius\",\"potentialAction\":[{\"@type\":\"SearchAction\",\"target\":{\"@type\":\"EntryPoint\",\"urlTemplate\":\"https:\\\/\\\/katholisch-friedrichshafen.de\\\/stpetruscanisius\\\/?s={search_term_string}\"},\"query-input\":{\"@type\":\"PropertyValueSpecification\",\"valueRequired\":true,\"valueName\":\"search_term_string\"}}],\"inLanguage\":\"de\"},{\"@type\":\"Person\",\"@id\":\"https:\\\/\\\/katholisch-friedrichshafen.de\\\/stpetruscanisius\\\/#\\\/schema\\\/person\\\/7d55b834aa30e5379f6750783b53539e\",\"name\":\"Michael Gr\u00f6pl-K\u00f6niger\",\"image\":{\"@type\":\"ImageObject\",\"inLanguage\":\"de\",\"@id\":\"https:\\\/\\\/secure.gravatar.com\\\/avatar\\\/9b9d78bd85b577889cab68993537eb88b34ff6aa8bf3b74cc365134d52b18953?s=96&d=mm&r=g\",\"url\":\"https:\\\/\\\/secure.gravatar.com\\\/avatar\\\/9b9d78bd85b577889cab68993537eb88b34ff6aa8bf3b74cc365134d52b18953?s=96&d=mm&r=g\",\"contentUrl\":\"https:\\\/\\\/secure.gravatar.com\\\/avatar\\\/9b9d78bd85b577889cab68993537eb88b34ff6aa8bf3b74cc365134d52b18953?s=96&d=mm&r=g\",\"caption\":\"Michael Gr\u00f6pl-K\u00f6niger\"},\"url\":\"https:\\\/\\\/katholisch-friedrichshafen.de\\\/stpetruscanisius\\\/author\\\/groeplkoeniger\\\/\"}]}<\/script>\n<!-- \/ Yoast SEO plugin. -->","yoast_head_json":{"title":"Fronleichnam 2023 - St. Petrus Canisius","robots":{"index":"index","follow":"follow","max-snippet":"max-snippet:-1","max-image-preview":"max-image-preview:large","max-video-preview":"max-video-preview:-1"},"canonical":"https:\/\/katholisch-friedrichshafen.de\/stpetruscanisius\/fronleichnam-2023\/","og_locale":"de_DE","og_type":"article","og_title":"Fronleichnam 2023 - St. Petrus Canisius","og_description":"Am Donnerstag, 8. Juni 2023, konnten die Gemeinden der Seelsorgeeinheit Friedrichshafen-Mitte mit zahlreichen Gemeindemitgliedern und vielen G\u00e4sten wieder gemeinsam den Festgottesdienst zu Fronleichnam an der Musikmuschel feiern. Bei strahlendem Sonnenschein feierte Dekan Bernd Herbinger den Festgottesdienst unter dem Motto &#8222;von nun an seid Ihr Menschenfischer&#8220; und hob die Bedeutung des Engagements in Kirche und Gesellschaft &hellip;","og_url":"https:\/\/katholisch-friedrichshafen.de\/stpetruscanisius\/fronleichnam-2023\/","og_site_name":"St. Petrus Canisius","article_published_time":"2023-06-09T06:57:26+00:00","article_modified_time":"2023-06-09T19:36:57+00:00","og_image":[{"width":1024,"height":768,"url":"https:\/\/katholisch-friedrichshafen.de\/stpetruscanisius\/wp-content\/uploads\/sites\/2\/2023\/06\/2023-06-08_Fronleichnam_1.jpg","type":"image\/jpeg"}],"author":"Michael Gr\u00f6pl-K\u00f6niger","twitter_card":"summary_large_image","twitter_misc":{"Geschrieben von":"Michael Gr\u00f6pl-K\u00f6niger","Gesch\u00e4tzte Lesezeit":"1\u00a0Minute"},"schema":{"@context":"https:\/\/schema.org","@graph":[{"@type":"Article","@id":"https:\/\/katholisch-friedrichshafen.de\/stpetruscanisius\/fronleichnam-2023\/#article","isPartOf":{"@id":"https:\/\/katholisch-friedrichshafen.de\/stpetruscanisius\/fronleichnam-2023\/"},"author":{"name":"Michael Gr\u00f6pl-K\u00f6niger","@id":"https:\/\/katholisch-friedrichshafen.de\/stpetruscanisius\/#\/schema\/person\/7d55b834aa30e5379f6750783b53539e"},"headline":"Fronleichnam 2023","datePublished":"2023-06-09T06:57:26+00:00","dateModified":"2023-06-09T19:36:57+00:00","mainEntityOfPage":{"@id":"https:\/\/katholisch-friedrichshafen.de\/stpetruscanisius\/fronleichnam-2023\/"},"wordCount":79,"commentCount":0,"image":{"@id":"https:\/\/katholisch-friedrichshafen.de\/stpetruscanisius\/fronleichnam-2023\/#primaryimage"},"thumbnailUrl":"https:\/\/katholisch-friedrichshafen.de\/stpetruscanisius\/wp-content\/uploads\/sites\/2\/2023\/06\/2023-06-08_Fronleichnam_1.jpg","articleSection":["Gottesdienste"],"inLanguage":"de","potentialAction":[{"@type":"CommentAction","name":"Comment","target":["https:\/\/katholisch-friedrichshafen.de\/stpetruscanisius\/fronleichnam-2023\/#respond"]}]},{"@type":"WebPage","@id":"https:\/\/katholisch-friedrichshafen.de\/stpetruscanisius\/fronleichnam-2023\/","url":"https:\/\/katholisch-friedrichshafen.de\/stpetruscanisius\/fronleichnam-2023\/","name":"Fronleichnam 2023 - St. Petrus Canisius","isPartOf":{"@id":"https:\/\/katholisch-friedrichshafen.de\/stpetruscanisius\/#website"},"primaryImageOfPage":{"@id":"https:\/\/katholisch-friedrichshafen.de\/stpetruscanisius\/fronleichnam-2023\/#primaryimage"},"image":{"@id":"https:\/\/katholisch-friedrichshafen.de\/stpetruscanisius\/fronleichnam-2023\/#primaryimage"},"thumbnailUrl":"https:\/\/katholisch-friedrichshafen.de\/stpetruscanisius\/wp-content\/uploads\/sites\/2\/2023\/06\/2023-06-08_Fronleichnam_1.jpg","datePublished":"2023-06-09T06:57:26+00:00","dateModified":"2023-06-09T19:36:57+00:00","author":{"@id":"https:\/\/katholisch-friedrichshafen.de\/stpetruscanisius\/#\/schema\/person\/7d55b834aa30e5379f6750783b53539e"},"breadcrumb":{"@id":"https:\/\/katholisch-friedrichshafen.de\/stpetruscanisius\/fronleichnam-2023\/#breadcrumb"},"inLanguage":"de","potentialAction":[{"@type":"ReadAction","target":["https:\/\/katholisch-friedrichshafen.de\/stpetruscanisius\/fronleichnam-2023\/"]}]},{"@type":"ImageObject","inLanguage":"de","@id":"https:\/\/katholisch-friedrichshafen.de\/stpetruscanisius\/fronleichnam-2023\/#primaryimage","url":"https:\/\/katholisch-friedrichshafen.de\/stpetruscanisius\/wp-content\/uploads\/sites\/2\/2023\/06\/2023-06-08_Fronleichnam_1.jpg","contentUrl":"https:\/\/katholisch-friedrichshafen.de\/stpetruscanisius\/wp-content\/uploads\/sites\/2\/2023\/06\/2023-06-08_Fronleichnam_1.jpg","width":1024,"height":768},{"@type":"BreadcrumbList","@id":"https:\/\/katholisch-friedrichshafen.de\/stpetruscanisius\/fronleichnam-2023\/#breadcrumb","itemListElement":[{"@type":"ListItem","position":1,"name":"Startseite","item":"https:\/\/katholisch-friedrichshafen.de\/stpetruscanisius\/"},{"@type":"ListItem","position":2,"name":"Fronleichnam 2023"}]},{"@type":"WebSite","@id":"https:\/\/katholisch-friedrichshafen.de\/stpetruscanisius\/#website","url":"https:\/\/katholisch-friedrichshafen.de\/stpetruscanisius\/","name":"St. Petrus Canisius","description":"St. Petrus Canisius","potentialAction":[{"@type":"SearchAction","target":{"@type":"EntryPoint","urlTemplate":"https:\/\/katholisch-friedrichshafen.de\/stpetruscanisius\/?s={search_term_string}"},"query-input":{"@type":"PropertyValueSpecification","valueRequired":true,"valueName":"search_term_string"}}],"inLanguage":"de"},{"@type":"Person","@id":"https:\/\/katholisch-friedrichshafen.de\/stpetruscanisius\/#\/schema\/person\/7d55b834aa30e5379f6750783b53539e","name":"Michael Gr\u00f6pl-K\u00f6niger","image":{"@type":"ImageObject","inLanguage":"de","@id":"https:\/\/secure.gravatar.com\/avatar\/9b9d78bd85b577889cab68993537eb88b34ff6aa8bf3b74cc365134d52b18953?s=96&d=mm&r=g","url":"https:\/\/secure.gravatar.com\/avatar\/9b9d78bd85b577889cab68993537eb88b34ff6aa8bf3b74cc365134d52b18953?s=96&d=mm&r=g","contentUrl":"https:\/\/secure.gravatar.com\/avatar\/9b9d78bd85b577889cab68993537eb88b34ff6aa8bf3b74cc365134d52b18953?s=96&d=mm&r=g","caption":"Michael Gr\u00f6pl-K\u00f6niger"},"url":"https:\/\/katholisch-friedrichshafen.de\/stpetruscanisius\/author\/groeplkoeniger\/"}]}},"_links":{"self":[{"href":"https:\/\/katholisch-friedrichshafen.de\/stpetruscanisius\/wp-json\/wp\/v2\/posts\/2681","targetHints":{"allow":["GET"]}}],"collection":[{"href":"https:\/\/katholisch-friedrichshafen.de\/stpetruscanisius\/wp-json\/wp\/v2\/posts"}],"about":[{"href":"https:\/\/katholisch-friedrichshafen.de\/stpetruscanisius\/wp-json\/wp\/v2\/types\/post"}],"author":[{"embeddable":true,"href":"https:\/\/katholisch-friedrichshafen.de\/stpetruscanisius\/wp-json\/wp\/v2\/users\/16"}],"replies":[{"embeddable":true,"href":"https:\/\/katholisch-friedrichshafen.de\/stpetruscanisius\/wp-json\/wp\/v2\/comments?post=2681"}],"version-history":[{"count":4,"href":"https:\/\/katholisch-friedrichshafen.de\/stpetruscanisius\/wp-json\/wp\/v2\/posts\/2681\/revisions"}],"predecessor-version":[{"id":2686,"href":"https:\/\/katholisch-friedrichshafen.de\/stpetruscanisius\/wp-json\/wp\/v2\/posts\/2681\/revisions\/2686"}],"wp:featuredmedia":[{"embeddable":true,"href":"https:\/\/katholisch-friedrichshafen.de\/stpetruscanisius\/wp-json\/wp\/v2\/media\/2683"}],"wp:attachment":[{"href":"https:\/\/katholisch-friedrichshafen.de\/stpetruscanisius\/wp-json\/wp\/v2\/media?parent=2681"}],"wp:term":[{"taxonomy":"category","embeddable":true,"href":"https:\/\/katholisch-friedrichshafen.de\/stpetruscanisius\/wp-json\/wp\/v2\/categories?post=2681"},{"taxonomy":"post_tag","embeddable":true,"href":"https:\/\/katholisch-friedrichshafen.de\/stpetruscanisius\/wp-json\/wp\/v2\/tags?post=2681"}],"curies":[{"name":"wp","href":"https:\/\/api.w.org\/{rel}","templated":true}]}}